{"id":11,"__str__":"Situa\u00e7\u00e3o dos Cemit\u00e9rios P\u00fablicos no Munic\u00edpio de Caic\u00f3","link_detail_backend":"/audiencia/11","metadata":{},"numero":10,"ano":2025,"nome":"Situa\u00e7\u00e3o dos Cemit\u00e9rios P\u00fablicos no Munic\u00edpio de Caic\u00f3","tema":"Situa\u00e7\u00e3o dos Cemit\u00e9rios P\u00fablicos no Munic\u00edpio de Caic\u00f3","data":"2025-06-26","hora_inicio":"18:00","hora_fim":"19:35","observacao":"","audiencia_cancelada":false,"url_audio":"","url_video":"https://www.youtube.com/watch?v=6zUouARdNo4","upload_pauta":"http://sapl.caico.rn.leg.br/media/sapl/public/audienciapublica/11/pauta/pauta_10_audiencia_publica_andinho_duarte.pdf","upload_ata":"http://sapl.caico.rn.leg.br/media/sapl/public/audienciapublica/11/ata/10a_ata_de_estudos_e_debates.pdf","upload_anexo":null,"materia":7380,"tipo":1,"parlamentar_autor":7,"requerimento":7380}