{"id":13,"__str__":"Politicas p\u00fablicas de enfrentamento \u00e0 viol\u00eancia dom\u00e9stica e familiar.","link_detail_backend":"/audiencia/13","metadata":{},"numero":12,"ano":2025,"nome":"Politicas p\u00fablicas de enfrentamento \u00e0 viol\u00eancia dom\u00e9stica e familiar.","tema":"Politicas p\u00fablicas de enfrentamento \u00e0 viol\u00eancia dom\u00e9stica e familiar.","data":"2025-08-26","hora_inicio":"18:00","hora_fim":"20:22","observacao":"","audiencia_cancelada":false,"url_audio":"","url_video":"https://www.youtube.com/live/HIvPcEPOAMA","upload_pauta":"http://sapl.caico.rn.leg.br/media/sapl/public/audienciapublica/13/pauta/pauta_12_audiencia_publica_ana_aline_1.docx","upload_ata":"http://sapl.caico.rn.leg.br/media/sapl/public/audienciapublica/13/ata/ata_centro_de_estudos_e_debates_-_12a_sessao_-_agosto_lilas_-_26-08-2025.docx","upload_anexo":null,"materia":7991,"tipo":1,"parlamentar_autor":18,"requerimento":7991}