{"id":3,"__str__":"A situa\u00e7\u00e3o do lixo na cidade de Caic\u00f3.","link_detail_backend":"/audiencia/3","metadata":{},"numero":2,"ano":2025,"nome":"A situa\u00e7\u00e3o do lixo na cidade de Caic\u00f3.","tema":"A situa\u00e7\u00e3o do lixo na cidade de Caic\u00f3.","data":"2025-02-20","hora_inicio":"11:00","hora_fim":"","observacao":"","audiencia_cancelada":false,"url_audio":"","url_video":"https://www.youtube.com/watch?v=p4J5M9nh3BY","upload_pauta":"http://sapl.caico.rn.leg.br/media/sapl/public/audienciapublica/3/pauta/pauta_2_audiencia_publica_diogo_silva_2.pdf","upload_ata":"http://sapl.caico.rn.leg.br/media/sapl/public/audienciapublica/3/ata/ata_centro_de_estudos_e_debates_-_2a_sessao-_situacao_do_lixo_na_cidade_de_caico-_20-02-25.pdf","upload_anexo":null,"materia":5476,"tipo":1,"parlamentar_autor":3,"requerimento":5476}