{"id":8,"__str__":"20 anos do SUAS: Constru\u00e7\u00e3o, prote\u00e7\u00e3o social e resist\u00eancia.","link_detail_backend":"/audiencia/8","metadata":{"signs":{"upload_ata":{"admin":[],"autores":[["Ana Aline Morais",["2025-06-04T09:40:33-03:00","ICP-Brasil"]]]}}},"numero":7,"ano":2025,"nome":"20 anos do SUAS: Constru\u00e7\u00e3o, prote\u00e7\u00e3o social e resist\u00eancia.","tema":"20 anos do SUAS: Constru\u00e7\u00e3o, prote\u00e7\u00e3o social e resist\u00eancia.","data":"2025-05-22","hora_inicio":"15:30","hora_fim":"18:20","observacao":"","audiencia_cancelada":false,"url_audio":"","url_video":"https://www.youtube.com/watch?v=a7dnyyeULpM","upload_pauta":"http://sapl.caico.rn.leg.br/media/sapl/public/audienciapublica/8/pauta/pauta_7_audiencia_publica_ana_aline.pdf","upload_ata":"http://sapl.caico.rn.leg.br/media/sapl/public/audienciapublica/8/ata/ata_centro_de_estudos_e_debates_-_7a_sessao_-_20_anos_do_suas_-_22-05-2025.pdf","upload_anexo":null,"materia":6481,"tipo":1,"parlamentar_autor":18,"requerimento":6481}