{"id":10181,"__str__":"Indica\u00e7\u00e3o n\u00ba 179 de 2026","link_detail_backend":"/materia/10181","metadata":{"signs":{"texto_original":{"admin":[],"autores":[["Luiz Nery da Costa",["2026-03-11T08:37:47-03:00","ICP-Brasil - AC SyngularID Multipla"]]]}}},"numero":179,"ano":2026,"numero_protocolo":263,"data_apresentacao":"2026-03-11","tipo_apresentacao":"","data_publicacao":null,"numero_origem_externa":"","ano_origem_externa":null,"data_origem_externa":null,"apelido":"","dias_prazo":null,"data_fim_prazo":null,"em_tramitacao":false,"polemica":false,"objeto":"","complementar":false,"ementa":"INDICAR que seja encaminhado of\u00edcio ao EXMO senhor prefeito Judas Tadeu, solicitando ao secret\u00e1rio de infraestrutura ou aos \u00f3rg\u00e3os competentes, que seja solicitado a capinagem e poda das \u00e1rvores na Ilha de Santana.","indexacao":"","observacao":"","resultado":"","texto_original":"http://sapl.caico.rn.leg.br/media/sapl/public/materialegislativa/2026/10181/capinagem_e_poda_de_arvores_na_ilha_de_santana.pdf","data_ultima_atualizacao":"2026-03-13T10:05:59.340492-03:00","ip":"","ultima_edicao":null,"tipo":8,"regime_tramitacao":1,"tipo_origem_externa":null,"local_origem_externa":null,"user":null,"anexadas":[],"autores":[34]}