{"id":10428,"__str__":"Indica\u00e7\u00e3o n\u00ba 340 de 2026","link_detail_backend":"/materia/10428","metadata":{"signs":{"texto_original":{"admin":[],"autores":[["Rutenio Diniz de Medeiros",["2026-04-08T10:26:33-03:00","ICP-Brasil"]]]}}},"numero":340,"ano":2026,"numero_protocolo":491,"data_apresentacao":"2026-04-08","tipo_apresentacao":"","data_publicacao":null,"numero_origem_externa":"","ano_origem_externa":null,"data_origem_externa":null,"apelido":"","dias_prazo":null,"data_fim_prazo":null,"em_tramitacao":false,"polemica":false,"objeto":"","complementar":false,"ementa":"INDICAR que seja encaminhado of\u00edcio ao Exmo. Senhor Prefeito Judas Tadeu, em entendimentos com as Secretarias respons\u00e1veis , solicitando que seja feita antecipadamente uma reuni\u00e3o de planejamento para se organizarem para os festivos do Padroeiro Santo Ant\u00f4nio do distrito Palma que tem in\u00edcio dia 05 de Junho, dentre isso destacam-se os servi\u00e7os de limpezas , servi\u00e7o de carpinagem , recupera\u00e7\u00e3o das estradas vicinais dos s\u00edtios e comunidades que fazem parte da subprefeitura da Palma,  contrata\u00e7\u00e3o de bandas , estruturas , assist\u00eancia a sa\u00fade e entre outros.","indexacao":"","observacao":"","resultado":"","texto_original":"http://sapl.caico.rn.leg.br/media/sapl/public/materialegislativa/2026/10428/festa_da_palma.pdf","data_ultima_atualizacao":"2026-04-14T08:04:48.478414-03:00","ip":"","ultima_edicao":null,"tipo":8,"regime_tramitacao":1,"tipo_origem_externa":null,"local_origem_externa":null,"user":null,"anexadas":[],"autores":[38]}