{"id":10429,"__str__":"Indica\u00e7\u00e3o n\u00ba 341 de 2026","link_detail_backend":"/materia/10429","metadata":{"signs":{"texto_original":{"admin":[],"autores":[["Anderson Clayton Duarte de Medeiros",["2026-04-08T11:13:01-03:00","Gov-Br"]]]}}},"numero":341,"ano":2026,"numero_protocolo":492,"data_apresentacao":"2026-04-08","tipo_apresentacao":"","data_publicacao":null,"numero_origem_externa":"","ano_origem_externa":null,"data_origem_externa":null,"apelido":"","dias_prazo":null,"data_fim_prazo":null,"em_tramitacao":false,"polemica":false,"objeto":"","complementar":false,"ementa":"INDICAR que seja encaminhado of\u00edcio ao Exmo. Senhor Prefeito Judas Tadeu e a Secret\u00e1ria de Assist\u00eancia Social Maria Cleide de Almeida, sugerindo a realiza\u00e7\u00e3o da Festa das M\u00e3es no Complexo Tur\u00edstico Ilha de Sant\u2019Ana, nesta cidade de Caic\u00f3/RN.\r\n A indica\u00e7\u00e3o mostra a import\u00e2ncia da realiza\u00e7\u00e3o de um evento unificado voltado para as m\u00e3es do munic\u00edpio, em especial as mais carentes.\r\nA sugest\u00e3o seria a realiza\u00e7\u00e3o de um dia de atividades culturais, art\u00edsticas, cidad\u00e3 e de assist\u00eancia social para as m\u00e3es do munic\u00edpio de Caic\u00f3. O evento contaria com a intera\u00e7\u00e3o de todas as secretarias e apoios de clubes de servi\u00e7os e patrocinadores.\r\nAs atividades seriam desenvolvidas em quiosques com atividades de sa\u00fade, assist\u00eancia social, cursos, a\u00e7\u00f5es de embelezamento, forro da melhor idade, assessoria jur\u00eddica, cadastro \u00fanico, renova\u00e7\u00e3o de documentos, palestras, atividades f\u00edsicas, brincadeiras, distribui\u00e7\u00e3o de lanches, divers\u00e3o e muito mais. No per\u00edodo noturno poderia ser realizado um show art\u00edstico com sorteios de pr\u00eamios.","indexacao":"","observacao":"","resultado":"","texto_original":"http://sapl.caico.rn.leg.br/media/sapl/public/materialegislativa/2026/10429/festa_das_maes_assinado.pdf","data_ultima_atualizacao":"2026-04-14T08:04:48.629616-03:00","ip":"167.250.141.33","ultima_edicao":"2026-04-08T11:18:04.861103-03:00","tipo":8,"regime_tramitacao":1,"tipo_origem_externa":null,"local_origem_externa":null,"user":7,"anexadas":[],"autores":[17]}