{"id":10430,"__str__":"Indica\u00e7\u00e3o n\u00ba 342 de 2026","link_detail_backend":"/materia/10430","metadata":{"signs":{"texto_original":{"admin":[],"autores":[["Frankslaneo Diogo da Silva",["2026-04-08T11:12:09-03:00","Gov-Br"]]]}}},"numero":342,"ano":2026,"numero_protocolo":493,"data_apresentacao":"2026-04-08","tipo_apresentacao":"","data_publicacao":null,"numero_origem_externa":"","ano_origem_externa":null,"data_origem_externa":null,"apelido":"","dias_prazo":null,"data_fim_prazo":null,"em_tramitacao":false,"polemica":false,"objeto":"","complementar":false,"ementa":"INDICAR que seja encaminhado of\u00edcio ao Exmo. Senhor Prefeito Judas Tadeu e ao\r\nentendimento do Secret\u00e1rio de Infraestrutura e secretario de esportes e lazer , solicitando\r\na revitaliza\u00e7\u00e3o das quadras de areia na ilha de Santana com a instala\u00e7\u00e3o de telas de prote\u00e7\u00e3o.","indexacao":"","observacao":"","resultado":"","texto_original":"http://sapl.caico.rn.leg.br/media/sapl/public/materialegislativa/2026/10430/indicacao_telas_na_ilha_assinado.pdf","data_ultima_atualizacao":"2026-04-14T08:04:48.780565-03:00","ip":"167.250.141.33","ultima_edicao":"2026-04-08T11:20:29.352435-03:00","tipo":8,"regime_tramitacao":1,"tipo_origem_externa":null,"local_origem_externa":null,"user":7,"anexadas":[],"autores":[19]}