{"id":10438,"__str__":"Requerimento n\u00ba 21 de 2026","link_detail_backend":"/materia/10438","metadata":{"signs":{"texto_original":{"admin":[],"autores":[["Artur Josue de Araujo Maynard",["2026-04-10T09:17:02-03:00","Gov-Br"]]]}}},"numero":21,"ano":2026,"numero_protocolo":500,"data_apresentacao":"2026-04-13","tipo_apresentacao":"","data_publicacao":null,"numero_origem_externa":"","ano_origem_externa":null,"data_origem_externa":null,"apelido":"","dias_prazo":null,"data_fim_prazo":null,"em_tramitacao":true,"polemica":false,"objeto":"","complementar":false,"ementa":"REQUERER que, ap\u00f3s aprova\u00e7\u00e3o do Plen\u00e1rio, seja designada uma Sess\u00e3o Solene em comemora\u00e7\u00e3o ao Dia do Escoteiro, a ser realizado no dia 23 de abril de 2026, \u00e0s 19hs no Plen\u00e1rio da C\u00e2mara.","indexacao":"","observacao":"","resultado":"","texto_original":"http://sapl.caico.rn.leg.br/media/sapl/public/materialegislativa/2026/10438/requerimento_sessao_solene_escoteiros_assinado.pdf","data_ultima_atualizacao":"2026-04-15T19:46:59.033855-03:00","ip":"","ultima_edicao":null,"tipo":7,"regime_tramitacao":1,"tipo_origem_externa":null,"local_origem_externa":null,"user":null,"anexadas":[],"autores":[36]}