{"id":10521,"__str__":"Indica\u00e7\u00e3o n\u00ba 410 de 2026","link_detail_backend":"/materia/10521","metadata":{"signs":{"texto_original":{"admin":[],"autores":[["Rutenio Diniz de Medeiros",["2026-04-22T11:10:39-03:00","ICP-Brasil"]]]}}},"numero":410,"ano":2026,"numero_protocolo":582,"data_apresentacao":"2026-04-22","tipo_apresentacao":"","data_publicacao":null,"numero_origem_externa":"","ano_origem_externa":null,"data_origem_externa":null,"apelido":"","dias_prazo":null,"data_fim_prazo":null,"em_tramitacao":false,"polemica":false,"objeto":"","complementar":false,"ementa":"INDICAR que seja encaminhado of\u00edcio ao Exmo. Senhor Prefeito Judas Tadeu, em entendimento com o Secret\u00e1rio de Meio Ambiente, solicitando a poda das arvores da Pra\u00e7a Dom Jos\u00e9 Delgado, bairro Para\u00edba.","indexacao":"","observacao":"","resultado":"","texto_original":"http://sapl.caico.rn.leg.br/media/sapl/public/materialegislativa/2026/10521/podas_praca.pdf","data_ultima_atualizacao":"2026-04-27T08:54:12.900524-03:00","ip":"","ultima_edicao":null,"tipo":8,"regime_tramitacao":1,"tipo_origem_externa":null,"local_origem_externa":null,"user":null,"anexadas":[],"autores":[38]}