{"id":10534,"__str__":"Indica\u00e7\u00e3o n\u00ba 411 de 2026","link_detail_backend":"/materia/10534","metadata":{"signs":{"texto_original":{"admin":[],"autores":[["Francisco Fabio de Araujo",["2026-04-24T07:56:17-03:00","Gov-Br"]]]}}},"numero":411,"ano":2026,"numero_protocolo":595,"data_apresentacao":"2026-04-27","tipo_apresentacao":"","data_publicacao":null,"numero_origem_externa":"","ano_origem_externa":null,"data_origem_externa":null,"apelido":"","dias_prazo":null,"data_fim_prazo":null,"em_tramitacao":false,"polemica":false,"objeto":"","complementar":false,"ementa":"O Vereador Fabinho da Sa\u00fade, no desempenho do seu mandato, vem \u00e0 presen\u00e7a de V. Exa., com fundamento nos artigos 142 e 143 do Regimento Interno desta Casa Legislativa, INDICAR ao Exmo. Senhor Prefeito Municipal Judas Tadeu Alves dos Santos, a possibilidade de cria\u00e7\u00e3o, no quadro de pessoal permanente da Prefeitura Municipal, o cargo espec\u00edfico de Condutor de Ambul\u00e2ncia, em conformidade com a Lei Federal n\u00ba 15.250 de 3 de novembro de 2025, que disp\u00f5e sobre a atividade profissional de condutor de ambul\u00e2ncia.","indexacao":"","observacao":"","resultado":"","texto_original":"http://sapl.caico.rn.leg.br/media/sapl/public/materialegislativa/2026/10534/indicacao_-_criacao_do_cargo_de_condutor_de_ambulancia_assinado.pdf","data_ultima_atualizacao":"2026-04-30T08:35:17.214461-03:00","ip":"","ultima_edicao":null,"tipo":8,"regime_tramitacao":1,"tipo_origem_externa":null,"local_origem_externa":null,"user":null,"anexadas":[],"autores":[37]}