{"id":10557,"__str__":"Requerimento n\u00ba 27 de 2026","link_detail_backend":"/materia/10557","metadata":{"signs":{"texto_original":{"admin":[],"autores":[["Cicero Bezerra de Queiroz",["2026-04-27T11:53:35-03:00","Gov-Br"]]]}}},"numero":27,"ano":2026,"numero_protocolo":618,"data_apresentacao":"2026-04-27","tipo_apresentacao":"","data_publicacao":null,"numero_origem_externa":"","ano_origem_externa":null,"data_origem_externa":null,"apelido":"","dias_prazo":null,"data_fim_prazo":null,"em_tramitacao":true,"polemica":false,"objeto":"","complementar":false,"ementa":"Legislativa REQUERER que, ap\u00f3s aprova\u00e7\u00e3o do Plen\u00e1rio, seja encaminhado of\u00edcio ao setor competente, especificamente \u00e0 Secretaria de Estado da Educa\u00e7\u00e3o, da Cultura, do Esporte e do Lazer do Rio Grande do Norte, solicitando que sejam remetidas a este Poder Legislativo as seguintes informa\u00e7\u00f5es acompanhadas da respectiva documenta\u00e7\u00e3o comprobat\u00f3ria:\r\n\r\n\r\n\u2022\tPor qual motivo a reforma da Escola Estadual Dom Jos\u00e9 Adelino Dantas, no munic\u00edpio de Caic\u00f3/RN, encontra-se paralisada? \r\n\u2022\tDesde quando a obra est\u00e1 paralisada? \r\n\u2022\tQuais fatores ocasionaram a interrup\u00e7\u00e3o dos servi\u00e7os (financeiros, contratuais, t\u00e9cnicos ou outros)? \r\n\u2022\tExiste previs\u00e3o para retomada da obra? \r\n\u2022\tQual o prazo estimado para conclus\u00e3o ap\u00f3s a retomada dos servi\u00e7os? \r\n\u2022\tQual o percentual da obra j\u00e1 executado at\u00e9 o momento da paralisa\u00e7\u00e3o? \r\n\u2022\tO recurso destinado \u00e0 obra j\u00e1 foi totalmente repassado? Em caso negativo, qual o saldo dispon\u00edvel? \r\n\u2022\tH\u00e1 novo cronograma previsto para continuidade e conclus\u00e3o da reforma? Em caso positivo, que seja encaminhado a esta Casa Legislativa.","indexacao":"","observacao":"","resultado":"","texto_original":"http://sapl.caico.rn.leg.br/media/sapl/public/materialegislativa/2026/10557/requerimento_de_informacao_28129_assinado_5.pdf","data_ultima_atualizacao":"2026-04-29T19:45:43.197981-03:00","ip":"","ultima_edicao":null,"tipo":7,"regime_tramitacao":1,"tipo_origem_externa":null,"local_origem_externa":null,"user":null,"anexadas":[],"autores":[25]}