{"id":5475,"__str__":"Requerimento n\u00ba 5 de 2025","link_detail_backend":"/materia/5475","metadata":{"signs":{"texto_original":{"admin":[],"autores":[["Ana Aline Morais",["2025-02-11T11:13:41-03:00","Gov-Br"]]]}}},"numero":5,"ano":2025,"numero_protocolo":99,"data_apresentacao":"2025-02-12","tipo_apresentacao":"","data_publicacao":null,"numero_origem_externa":"","ano_origem_externa":null,"data_origem_externa":null,"apelido":"","dias_prazo":null,"data_fim_prazo":null,"em_tramitacao":false,"polemica":false,"objeto":"","complementar":false,"ementa":"REQUERER que, ap\u00f3s aprova\u00e7\u00e3o do Plen\u00e1rio, seja designada uma Audi\u00eancia P\u00fablica, a ser realizada no dia 11 de mar\u00e7o de 2025, \u00e0s 10h, com a finalidade de discutir o seguinte tema. Mulheres em marcha fortalecem o movimento, alimentam a vida, curam a terra,10 anos da marcha das margaridas do Serid\u00f3.","indexacao":"","observacao":"","resultado":"","texto_original":"http://sapl.caico.rn.leg.br/media/sapl/public/materialegislativa/2025/5475/requerimento_estudos_e_debates_-_modelo_assinado.pdf","data_ultima_atualizacao":"2025-03-13T10:41:30.352284-03:00","ip":"","ultima_edicao":null,"tipo":7,"regime_tramitacao":1,"tipo_origem_externa":null,"local_origem_externa":null,"user":null,"anexadas":[],"autores":[35]}