{"id":7383,"__str__":"Requerimento n\u00ba 78 de 2025","link_detail_backend":"/materia/7383","metadata":{"signs":{"texto_original":{"admin":[],"autores":[["Thales Rangel da Costa",["2025-06-10T10:34:36-03:00","Gov-Br"]]]}}},"numero":78,"ano":2025,"numero_protocolo":1013,"data_apresentacao":"2025-06-09","tipo_apresentacao":"","data_publicacao":null,"numero_origem_externa":"","ano_origem_externa":null,"data_origem_externa":null,"apelido":"","dias_prazo":null,"data_fim_prazo":null,"em_tramitacao":false,"polemica":false,"objeto":"","complementar":false,"ementa":"O vereador Thales Rangel da Costa, no desempenho do seu mandato, vem \u00e0 presen\u00e7a de V. Exa., com fundamento na Resolu\u00e7\u00e3o n\u00ba 004/2005, nos arts. 120 e ss. e 145 do Regimento Interno desta Casa Legislativa, REQUERER que, ap\u00f3s aprova\u00e7\u00e3o do Plen\u00e1rio, seja designada uma Sess\u00e3o P\u00fablica, atrav\u00e9s do Centro de Estudos e Debates desta Casa Legislativa que ser\u00e1 realizada no dia 18 de junho de 2025 \u00e0s 10h da manh\u00e3, em Alus\u00e3o ao Dia Mundial de Combate \u00e0 Desertifica\u00e7\u00e3o e \u00e0 Seca.","indexacao":"","observacao":"","resultado":"","texto_original":"http://sapl.caico.rn.leg.br/media/sapl/public/materialegislativa/2025/7383/requerimento_thales_corret.pdf","data_ultima_atualizacao":"2025-06-26T08:26:40.181835-03:00","ip":"167.250.141.33","ultima_edicao":"2025-06-11T10:11:30.780706-03:00","tipo":7,"regime_tramitacao":1,"tipo_origem_externa":null,"local_origem_externa":null,"user":7,"anexadas":[],"autores":[30]}