{"id":9976,"__str__":"Mo\u00e7\u00e3o n\u00ba 6 de 2026","link_detail_backend":"/materia/9976","metadata":{"signs":{"texto_original":{"admin":[],"autores":[["Alisson Jackson dos Santos",["2026-02-22T15:46:50-03:00","ICP-Brasil"]]]}}},"numero":6,"ano":2026,"numero_protocolo":96,"data_apresentacao":"2026-02-23","tipo_apresentacao":"","data_publicacao":null,"numero_origem_externa":"","ano_origem_externa":null,"data_origem_externa":null,"apelido":"","dias_prazo":null,"data_fim_prazo":null,"em_tramitacao":false,"polemica":false,"objeto":"","complementar":false,"ementa":"Mo\u00e7\u00e3o de Aplausos \u00e0 Diocese de Caic\u00f3, pela abertura da Campanha da Fraternidade 2026, iniciada no dia 21/02/2026, nos bairros Paulo VI e Jo\u00e3o XXIII, escolhendo os temas \u201cFraternidade e Moradia\u201d e \u201cEle veio morar entre n\u00f3s\u201d.","indexacao":"","observacao":"","resultado":"","texto_original":"http://sapl.caico.rn.leg.br/media/sapl/public/materialegislativa/2026/9976/mocao_de_aplausos_-_diocese-_campanha_da_fraternidade.pdf","data_ultima_atualizacao":"2026-03-03T08:16:34.784181-03:00","ip":"","ultima_edicao":null,"tipo":10,"regime_tramitacao":1,"tipo_origem_externa":null,"local_origem_externa":null,"user":null,"anexadas":[],"autores":[16]}